{"id":542,"date":"2023-10-08T17:42:00","date_gmt":"2023-10-08T17:42:00","guid":{"rendered":"https:\/\/brutalfm.net\/?p=542"},"modified":"2023-10-08T17:44:04","modified_gmt":"2023-10-08T17:44:04","slug":"bad-bunny-agradece-a-rd-en-premios-billboard-de-la-musica-latina-por-el-apoyo-en-su-carrera","status":"publish","type":"post","link":"https:\/\/brutalfm.net\/index.php\/2023\/10\/08\/bad-bunny-agradece-a-rd-en-premios-billboard-de-la-musica-latina-por-el-apoyo-en-su-carrera\/","title":{"rendered":"Bad Bunny agradece a RD en Premios Billboard de la M\u00fasica Latina por el apoyo en su carrera"},"content":{"rendered":"\n<h4 class=\"has-text-align-center wp-block-heading\">\u00abLa Rep\u00fablica Dominicana, gracias de coraz\u00f3n, a los que me abrieron la puerta en el dembow\u00bb, manifest\u00f3<\/h4>\n\n\n\n<p class=\"wp-block-paragraph\"><\/p>\n\n\n\n<figure class=\"wp-block-image size-large\"><img fetchpriority=\"high\" decoding=\"async\" width=\"1024\" height=\"573\" src=\"https:\/\/brutalfm.net\/wp-content\/uploads\/2023\/10\/Bad-Bunny-Billboard-2023-1024x573.jpg\" alt=\"\" class=\"wp-image-543\" srcset=\"https:\/\/brutalfm.net\/wp-content\/uploads\/2023\/10\/Bad-Bunny-Billboard-2023-1024x573.jpg 1024w, https:\/\/brutalfm.net\/wp-content\/uploads\/2023\/10\/Bad-Bunny-Billboard-2023-300x168.jpg 300w, https:\/\/brutalfm.net\/wp-content\/uploads\/2023\/10\/Bad-Bunny-Billboard-2023-768x430.jpg 768w, https:\/\/brutalfm.net\/wp-content\/uploads\/2023\/10\/Bad-Bunny-Billboard-2023.jpg 1200w\" sizes=\"(max-width: 1024px) 100vw, 1024px\" \/><\/figure>\n\n\n\n<p class=\"wp-block-paragraph\"><\/p>\n\n\n\n<p class=\"wp-block-paragraph\">El artista puertorrique\u00f1o<strong>&nbsp;Bad Bunny<\/strong>&nbsp;agradeci\u00f3 a la Rep\u00fablica Dominicana al recibir el<strong>&nbsp;primer premio<\/strong>&nbsp;de la noche de los Premios Billboard de la M\u00fasica Latina 2023 con su canci\u00f3n&nbsp;<strong>\u00abTit\u00ed me pregunt\u00f3\u00bb<\/strong>&nbsp;en en la categor\u00eda<strong>&nbsp;\u00abCanci\u00f3n del a\u00f1o ventas\u00bb.<\/strong><\/p>\n\n\n\n<p class=\"wp-block-paragraph\">\u00abWa,o yo siempre me trepo, aqu\u00ed&#8230; por m\u00e1s que me trepe. Nada, gracias a todas las personas que apoyaron este tema, el \u00e1lbum &#8216;<strong>Un verano sin ti&#8217;,<\/strong>&nbsp;&#8216;Tit\u00ed me pregunt\u00f3&#8217;, gracias a todos ustedes por estar aqu\u00ed esta noche tambi\u00e9n y apoyar la m\u00fasica latina\u00bb, expres\u00f3.<\/p>\n\n\n\n<p class=\"wp-block-paragraph\">El artista boricua Continu\u00f3: \u00ab<strong>El<\/strong>\u00a0<strong>que me conoce<\/strong>\u00a0sabe que siempre he llevado el mensaje y que\u00a0<strong>he hecho mi m\u00fasica representando al habla hispana<\/strong>,<strong>\u00a0el lenguaje en espa\u00f1ol, la m\u00fasica en espa\u00f1ol,<\/strong>\u00a0los latinos, la cultura entera y es algo de lo que me siento orgulloso\u00bb.\u00a0<\/p>\n\n\n\n<p class=\"wp-block-paragraph\">Asimismo,\u00a0<strong>agradeci\u00f3 a la Rep\u00fablica Dominicana<\/strong>\u00a0y a\u00a0<strong>El Alfa<\/strong>\u00a0por su apoyo e introducirlo al g\u00e9nero del dembow.<\/p>\n\n\n\n<p class=\"wp-block-paragraph\"><strong><em>\u00abPuerto Rico este premio Tit\u00ed me pregunt\u00f3, la Rep\u00fablica Dominicana gracias de coraz\u00f3n a los que me abrieron la puerta en el dembow, El Alfa, to&#8217; el movimiento all\u00e1 de la Rep\u00fablica dominicana, gracias de coraz\u00f3n\u00bb<\/em>Ban BunnyCantante<\/strong><\/p>\n","protected":false},"excerpt":{"rendered":"<p>\u00abLa Rep\u00fablica Dominicana, gracias de coraz\u00f3n, a los que me abrieron la puerta en el dembow\u00bb, manifest\u00f3 El artista puertorrique\u00f1o&nbsp;Bad Bunny&nbsp;agradeci\u00f3 a la Rep\u00fablica Dominicana al recibir el&nbsp;primer premio&nbsp;de la noche de los Premios Billboard de la M\u00fasica Latina 2023 con su canci\u00f3n&nbsp;\u00abTit\u00ed me pregunt\u00f3\u00bb&nbsp;en en la categor\u00eda&nbsp;\u00abCanci\u00f3n del a\u00f1o ventas\u00bb. \u00abWa,o yo siempre me &hellip;<\/p>\n","protected":false},"author":3,"featured_media":545,"comment_status":"open","ping_status":"closed","sticky":false,"template":"","format":"standard","meta":{"footnotes":""},"categories":[9],"tags":[],"class_list":["post-542","post","type-post","status-publish","format-standard","has-post-thumbnail","","category-musica-urbana"],"_links":{"self":[{"href":"https:\/\/brutalfm.net\/index.php\/wp-json\/wp\/v2\/posts\/542","targetHints":{"allow":["GET"]}}],"collection":[{"href":"https:\/\/brutalfm.net\/index.php\/wp-json\/wp\/v2\/posts"}],"about":[{"href":"https:\/\/brutalfm.net\/index.php\/wp-json\/wp\/v2\/types\/post"}],"author":[{"embeddable":true,"href":"https:\/\/brutalfm.net\/index.php\/wp-json\/wp\/v2\/users\/3"}],"replies":[{"embeddable":true,"href":"https:\/\/brutalfm.net\/index.php\/wp-json\/wp\/v2\/comments?post=542"}],"version-history":[{"count":1,"href":"https:\/\/brutalfm.net\/index.php\/wp-json\/wp\/v2\/posts\/542\/revisions"}],"predecessor-version":[{"id":544,"href":"https:\/\/brutalfm.net\/index.php\/wp-json\/wp\/v2\/posts\/542\/revisions\/544"}],"wp:featuredmedia":[{"embeddable":true,"href":"https:\/\/brutalfm.net\/index.php\/wp-json\/wp\/v2\/media\/545"}],"wp:attachment":[{"href":"https:\/\/brutalfm.net\/index.php\/wp-json\/wp\/v2\/media?parent=542"}],"wp:term":[{"taxonomy":"category","embeddable":true,"href":"https:\/\/brutalfm.net\/index.php\/wp-json\/wp\/v2\/categories?post=542"},{"taxonomy":"post_tag","embeddable":true,"href":"https:\/\/brutalfm.net\/index.php\/wp-json\/wp\/v2\/tags?post=542"}],"curies":[{"name":"wp","href":"https:\/\/api.w.org\/{rel}","templated":true}]}}