{"id":637,"date":"2024-01-25T18:52:43","date_gmt":"2024-01-25T18:52:43","guid":{"rendered":"https:\/\/brutalfm.net\/?p=637"},"modified":"2024-01-25T18:52:44","modified_gmt":"2024-01-25T18:52:44","slug":"abinader-la-presa-de-monte-grande-es-la-mayor-obra-hidraulica-del-caribe","status":"publish","type":"post","link":"https:\/\/brutalfm.net\/index.php\/2024\/01\/25\/abinader-la-presa-de-monte-grande-es-la-mayor-obra-hidraulica-del-caribe\/","title":{"rendered":"Abinader: \u00abLa presa de Monte Grande es la mayor obra hidr\u00e1ulica del Caribe\u00bb"},"content":{"rendered":"\n<ul class=\"wp-block-list\"><li>La presa fue inaugurada 14 a\u00f1os despu\u00e9s del primer picazo y tras el paso de cuatro gobiernos<\/li><\/ul>\n\n\n\n<p class=\"wp-block-paragraph\"><\/p>\n\n\n\n<figure class=\"wp-block-image size-full\"><img fetchpriority=\"high\" decoding=\"async\" width=\"896\" height=\"504\" src=\"https:\/\/brutalfm.net\/wp-content\/uploads\/2024\/01\/abinder-presa-de-monte-grande-es-la-mayor-obra-hidraulica-del-caribe_1-focus-min0.24-0.07-896-504.jpg\" alt=\"\" class=\"wp-image-639\" srcset=\"https:\/\/brutalfm.net\/wp-content\/uploads\/2024\/01\/abinder-presa-de-monte-grande-es-la-mayor-obra-hidraulica-del-caribe_1-focus-min0.24-0.07-896-504.jpg 896w, https:\/\/brutalfm.net\/wp-content\/uploads\/2024\/01\/abinder-presa-de-monte-grande-es-la-mayor-obra-hidraulica-del-caribe_1-focus-min0.24-0.07-896-504-300x169.jpg 300w, https:\/\/brutalfm.net\/wp-content\/uploads\/2024\/01\/abinder-presa-de-monte-grande-es-la-mayor-obra-hidraulica-del-caribe_1-focus-min0.24-0.07-896-504-768x432.jpg 768w\" sizes=\"(max-width: 896px) 100vw, 896px\" \/><figcaption>Vista a\u00e9rea de la presa de Monte Grande, que fue inaugurada este jueves 25 de enero por el presidente Luis Abinader, 14 a\u00f1os despu\u00e9s del primer picazo y tras el paso de cuatro gobiernos.<\/figcaption><\/figure>\n\n\n\n<p class=\"wp-block-paragraph\">El&nbsp;<strong>presidente Luis Abinader<\/strong>&nbsp;encabez\u00f3 este jueves la inauguraci\u00f3n del embalse de la&nbsp;<strong>presa de Monte Grande<\/strong>, ubicada en la zona lim\u00edtrofe de las provincias Azua y Barahona, la cual consider\u00f3 la \u00abmayor obra hidr\u00e1ulica del Caribe\u00bb y \u00abun sue\u00f1o de d\u00e9cadas\u00bb<\/p>\n\n\n\n<p class=\"wp-block-paragraph\">Durante el acto, el mandatario afirm\u00f3 que la presa garantiza el suministro de agua en la regi\u00f3n sur, \u00abante un futuro incierto debido al calentamiento global\u00bb.<\/p>\n\n\n\n<p class=\"wp-block-paragraph\">Adem\u00e1s, destac\u00f3 que las comunidades cercanas al Yaque del Sur, que han sido afectadas por inundaciones durante a\u00f1os, \u00abvivir\u00e1n sin miedo a los d\u00edas de lluvia a partir de ahora\u00bb. Abinader tambi\u00e9n mencion\u00f3 que su administraci\u00f3n logr\u00f3 ejecutar el 60% de la presa a pesar de la pandemia, recordando que la construcci\u00f3n comenz\u00f3 en julio de 2010.<\/p>\n\n\n\n<p class=\"wp-block-paragraph\">Seg\u00fan las autoridades, el embalse tiene una capacidad de almacenamiento de 350 millones de metros c\u00fabicos de agua, extra\u00edda del Yaque del Sur, y su muro tiene una longitud de 2.2 kil\u00f3metros. Destacaron que la presa, con su n\u00facleo de asfalto, es considerada la \u00abm\u00e1s segura del Caribe\u00bb y tiene la funci\u00f3n de mitigar inundaciones en comunidades de la cuenca baja del r\u00edo, como Yaquimeyes, Uvilla, Tamayo, Palo Alto, Crist\u00f3bal y otras en las provincias de Barahona, Bahoruco e Independencia.<\/p>\n\n\n\n<p class=\"wp-block-paragraph\">La&nbsp;<strong>presa de Monte Grande<\/strong>&nbsp;es un complejo hidr\u00e1ulico integral financiado por el Banco Centroamericano de Integraci\u00f3n Econ\u00f3mica (BCIE) y una contrapartida gubernamental. Adem\u00e1s de la irrigaci\u00f3n en m\u00e1s de 350 mil tareas en las respectivas provincias, se espera que la presa garantice el suministro de agua potable a trav\u00e9s del acuerdo del suroeste y la generaci\u00f3n de energ\u00eda hidroel\u00e9ctrica con una capacidad de 13.3 megavatios. El embalse operar\u00e1 en conjunto con las presas de Sabana Yegua y Sabaneta.<\/p>\n\n\n\n<p class=\"wp-block-paragraph\">El director del Instituto Nacional de Recursos Hidr\u00e1ulicos, Olmedo Caba, afirm\u00f3 que la obra beneficiar\u00e1 a 50 comunidades y gener\u00f3 7,000 empleos directos, con un 98% de mano de obra local.<\/p>\n","protected":false},"excerpt":{"rendered":"<p>La presa fue inaugurada 14 a\u00f1os despu\u00e9s del primer picazo y tras el paso de cuatro gobiernos Vista a\u00e9rea de la presa de Monte Grande, que fue inaugurada este jueves 25 de enero por el presidente Luis Abinader, 14 a\u00f1os despu\u00e9s del primer picazo y tras el paso de cuatro gobiernos. El&nbsp;presidente Luis Abinader&nbsp;encabez\u00f3 este &hellip;<\/p>\n","protected":false},"author":3,"featured_media":639,"comment_status":"open","ping_status":"closed","sticky":false,"template":"","format":"standard","meta":{"footnotes":""},"categories":[10,12],"tags":[],"class_list":["post-637","post","type-post","status-publish","format-standard","has-post-thumbnail","","category-america-latina","category-nacionales"],"_links":{"self":[{"href":"https:\/\/brutalfm.net\/index.php\/wp-json\/wp\/v2\/posts\/637","targetHints":{"allow":["GET"]}}],"collection":[{"href":"https:\/\/brutalfm.net\/index.php\/wp-json\/wp\/v2\/posts"}],"about":[{"href":"https:\/\/brutalfm.net\/index.php\/wp-json\/wp\/v2\/types\/post"}],"author":[{"embeddable":true,"href":"https:\/\/brutalfm.net\/index.php\/wp-json\/wp\/v2\/users\/3"}],"replies":[{"embeddable":true,"href":"https:\/\/brutalfm.net\/index.php\/wp-json\/wp\/v2\/comments?post=637"}],"version-history":[{"count":1,"href":"https:\/\/brutalfm.net\/index.php\/wp-json\/wp\/v2\/posts\/637\/revisions"}],"predecessor-version":[{"id":640,"href":"https:\/\/brutalfm.net\/index.php\/wp-json\/wp\/v2\/posts\/637\/revisions\/640"}],"wp:featuredmedia":[{"embeddable":true,"href":"https:\/\/brutalfm.net\/index.php\/wp-json\/wp\/v2\/media\/639"}],"wp:attachment":[{"href":"https:\/\/brutalfm.net\/index.php\/wp-json\/wp\/v2\/media?parent=637"}],"wp:term":[{"taxonomy":"category","embeddable":true,"href":"https:\/\/brutalfm.net\/index.php\/wp-json\/wp\/v2\/categories?post=637"},{"taxonomy":"post_tag","embeddable":true,"href":"https:\/\/brutalfm.net\/index.php\/wp-json\/wp\/v2\/tags?post=637"}],"curies":[{"name":"wp","href":"https:\/\/api.w.org\/{rel}","templated":true}]}}