{"id":698,"date":"2024-03-18T20:08:04","date_gmt":"2024-03-18T20:08:04","guid":{"rendered":"https:\/\/brutalfm.net\/?p=698"},"modified":"2024-03-18T20:08:04","modified_gmt":"2024-03-18T20:08:04","slug":"bandas-haitianas-queman-un-rent-car-de-dos-empresarios-que-tuvieron-que-escapar-por-pedernales","status":"publish","type":"post","link":"https:\/\/brutalfm.net\/index.php\/2024\/03\/18\/bandas-haitianas-queman-un-rent-car-de-dos-empresarios-que-tuvieron-que-escapar-por-pedernales\/","title":{"rendered":"Bandas haitianas queman un rent car de dos empresarios que tuvieron que escapar por Pedernales"},"content":{"rendered":"\n<figure class=\"wp-block-image size-full\"><img fetchpriority=\"high\" decoding=\"async\" width=\"896\" height=\"504\" src=\"https:\/\/brutalfm.net\/wp-content\/uploads\/2024\/03\/crisis-en-haiti-empresarios-huyen-de-bandas-haitianas-focus-0-0-896-504.jpg\" alt=\"\" class=\"wp-image-699\" srcset=\"https:\/\/brutalfm.net\/wp-content\/uploads\/2024\/03\/crisis-en-haiti-empresarios-huyen-de-bandas-haitianas-focus-0-0-896-504.jpg 896w, https:\/\/brutalfm.net\/wp-content\/uploads\/2024\/03\/crisis-en-haiti-empresarios-huyen-de-bandas-haitianas-focus-0-0-896-504-300x169.jpg 300w, https:\/\/brutalfm.net\/wp-content\/uploads\/2024\/03\/crisis-en-haiti-empresarios-huyen-de-bandas-haitianas-focus-0-0-896-504-768x432.jpg 768w\" sizes=\"(max-width: 896px) 100vw, 896px\" \/><figcaption>Crisis en Hait\u00ed: Empresarios huyen de bandas haitianas luego que le incendiaron su local.<\/figcaption><\/figure>\n\n\n\n<p class=\"wp-block-paragraph\">Dos&nbsp;<strong>empresarios, uno estadounidense y otro franc\u00e9s,<\/strong>&nbsp;huyeron este lunes por el paso&nbsp;<strong>fronterizo<\/strong>&nbsp;de Pedernales para salvarse de la furia de las&nbsp;&nbsp;<strong>bandas<\/strong>&nbsp;haitianas en Puerto Pr\u00edncipe, luego de que le quemaran un&nbsp;<em>car rental<\/em>&nbsp;y dem\u00e1s propiedades en ese pa\u00eds.<\/p>\n\n\n\n<p class=\"wp-block-paragraph\">Las&nbsp;<strong>autoridades<\/strong>&nbsp;dominicanas los recibieron y fueron registrados en el centro biom\u00e9trico. Fueron dadas las medidas de seguridad por el DNI, Migraci\u00f3n, Cesfront, Ej\u00e9rcito y dem\u00e1s cuerpos civiles de inteligencia.<\/p>\n\n\n\n<p class=\"wp-block-paragraph\">Los dos hombres fueron identificados por las\u00a0<strong>autoridades<\/strong>\u00a0como Attie Jann, de nacionalidad norteamericana, y Theard Jean-Luc Cyril Michel, de nacionalidad francesa.<\/p>\n\n\n\n<p class=\"wp-block-paragraph\">Las&nbsp;<strong>autoridades<\/strong>&nbsp;de Pedernales informaron que a ambos se les registr\u00f3 la entrada&nbsp;<strong>migratoria<\/strong>&nbsp;al pa\u00eds en el centro biom\u00e9trico establecido en la divisi\u00f3n fronteriza.<\/p>\n\n\n\n<p class=\"wp-block-paragraph\">Ambos dijeron que&nbsp;<strong>abordar\u00e1n<\/strong>&nbsp;un&nbsp;<strong>avi\u00f3n<\/strong>&nbsp;para retornar a su pa\u00eds de origen.<\/p>\n\n\n\n<p class=\"wp-block-paragraph\">Los empresarios expresaron a las\u00a0<strong>autoridades<\/strong>\u00a0que perdieron una empresa de renta de carros, donde adem\u00e1s se dedicaban a la venta de veh\u00edculos y otras pertenencias en la capital de\u00a0<strong>Hait\u00ed<\/strong>.<\/p>\n\n\n\n<p class=\"wp-block-paragraph\">eg\u00fan ellos, los extranjeros salen despavoridos de\u00a0<strong>Hait\u00ed<\/strong>\u00a0huyendo a los saqueos, atracos y asesinatos por parte de las\u00a0<strong>bandas<\/strong>\u00a0haitianas.<\/p>\n","protected":false},"excerpt":{"rendered":"<p>Crisis en Hait\u00ed: Empresarios huyen de bandas haitianas luego que le incendiaron su local. Dos&nbsp;empresarios, uno estadounidense y otro franc\u00e9s,&nbsp;huyeron este lunes por el paso&nbsp;fronterizo&nbsp;de Pedernales para salvarse de la furia de las&nbsp;&nbsp;bandas&nbsp;haitianas en Puerto Pr\u00edncipe, luego de que le quemaran un&nbsp;car rental&nbsp;y dem\u00e1s propiedades en ese pa\u00eds. Las&nbsp;autoridades&nbsp;dominicanas los recibieron y fueron registrados en &hellip;<\/p>\n","protected":false},"author":3,"featured_media":699,"comment_status":"open","ping_status":"closed","sticky":false,"template":"","format":"standard","meta":{"footnotes":""},"categories":[10],"tags":[],"class_list":["post-698","post","type-post","status-publish","format-standard","has-post-thumbnail","","category-america-latina"],"_links":{"self":[{"href":"https:\/\/brutalfm.net\/index.php\/wp-json\/wp\/v2\/posts\/698","targetHints":{"allow":["GET"]}}],"collection":[{"href":"https:\/\/brutalfm.net\/index.php\/wp-json\/wp\/v2\/posts"}],"about":[{"href":"https:\/\/brutalfm.net\/index.php\/wp-json\/wp\/v2\/types\/post"}],"author":[{"embeddable":true,"href":"https:\/\/brutalfm.net\/index.php\/wp-json\/wp\/v2\/users\/3"}],"replies":[{"embeddable":true,"href":"https:\/\/brutalfm.net\/index.php\/wp-json\/wp\/v2\/comments?post=698"}],"version-history":[{"count":1,"href":"https:\/\/brutalfm.net\/index.php\/wp-json\/wp\/v2\/posts\/698\/revisions"}],"predecessor-version":[{"id":700,"href":"https:\/\/brutalfm.net\/index.php\/wp-json\/wp\/v2\/posts\/698\/revisions\/700"}],"wp:featuredmedia":[{"embeddable":true,"href":"https:\/\/brutalfm.net\/index.php\/wp-json\/wp\/v2\/media\/699"}],"wp:attachment":[{"href":"https:\/\/brutalfm.net\/index.php\/wp-json\/wp\/v2\/media?parent=698"}],"wp:term":[{"taxonomy":"category","embeddable":true,"href":"https:\/\/brutalfm.net\/index.php\/wp-json\/wp\/v2\/categories?post=698"},{"taxonomy":"post_tag","embeddable":true,"href":"https:\/\/brutalfm.net\/index.php\/wp-json\/wp\/v2\/tags?post=698"}],"curies":[{"name":"wp","href":"https:\/\/api.w.org\/{rel}","templated":true}]}}