{"id":715,"date":"2024-05-03T14:09:44","date_gmt":"2024-05-03T14:09:44","guid":{"rendered":"https:\/\/brutalfm.net\/?p=715"},"modified":"2024-05-03T14:09:45","modified_gmt":"2024-05-03T14:09:45","slug":"minerd-aumento-un-8-al-salario-de-los-maestros-desde-el-1-de-mayo","status":"publish","type":"post","link":"https:\/\/brutalfm.net\/index.php\/2024\/05\/03\/minerd-aumento-un-8-al-salario-de-los-maestros-desde-el-1-de-mayo\/","title":{"rendered":"Minerd aument\u00f3 un 8 % al salario de los maestros, desde el 1 de mayo"},"content":{"rendered":"\n<ul class=\"wp-block-list\"><li>Ministro dijo no hay posibilidad de que se pueda \u00abflexibilizar\u00bb lo aprobado<\/li><li>Anuncio ocurre en medio de conflicto. ADP eval\u00faa hoy si acepta mediaci\u00f3n<\/li><\/ul>\n\n\n\n<figure class=\"wp-block-image size-full\"><img fetchpriority=\"high\" decoding=\"async\" width=\"896\" height=\"504\" src=\"https:\/\/brutalfm.net\/wp-content\/uploads\/2024\/05\/imagen-eduacion-focus-min0.39-0.17-896-504.jpg\" alt=\"\" class=\"wp-image-716\" srcset=\"https:\/\/brutalfm.net\/wp-content\/uploads\/2024\/05\/imagen-eduacion-focus-min0.39-0.17-896-504.jpg 896w, https:\/\/brutalfm.net\/wp-content\/uploads\/2024\/05\/imagen-eduacion-focus-min0.39-0.17-896-504-300x169.jpg 300w, https:\/\/brutalfm.net\/wp-content\/uploads\/2024\/05\/imagen-eduacion-focus-min0.39-0.17-896-504-768x432.jpg 768w\" sizes=\"(max-width: 896px) 100vw, 896px\" \/><figcaption>El ministro de Educaci\u00f3n, \u00c1ngel Hern\u00e1ndez, ofrece detalles del aumento del 8 % realizado por Minerd al sector magisterial.\u00a0<\/figcaption><\/figure>\n\n\n\n<p class=\"wp-block-paragraph\">Luego de las&nbsp;<strong>protestas<\/strong>&nbsp;y&nbsp;<strong>movilizaciones<\/strong>&nbsp;organizadas por la Asociaci\u00f3n Dominicana de Profesores (<strong>ADP<\/strong>), en demanda de un alza&nbsp;<strong>salarial<\/strong>&nbsp;del 20 %, el&nbsp;<strong>Ministerio<\/strong>&nbsp;de&nbsp;<strong>Educaci\u00f3n<\/strong>&nbsp;anunci\u00f3, a partir del primero de mayo, un incremento del 8 % al sueldo base de los docentes.<\/p>\n\n\n\n<p class=\"wp-block-paragraph\">As\u00ed lo inform\u00f3 el ministro \u00c1ngel Hern\u00e1ndez durante una rueda de prensa. All\u00ed explic\u00f3 que esta medida representa una adici\u00f3n de RD$5,174.5 millones en la n\u00f3mina de este a\u00f1o.<\/p>\n\n\n\n<p class=\"wp-block-paragraph\">Hen\u00e1ndez dej\u00f3 claro que no hay posibilidad de que se pueda\u00a0 \u00abflexibilizar\u00bb el\u00a0<strong>aumento<\/strong>\u00a0aprobado, porque afectar\u00eda el\u00a0<strong>presupuesto<\/strong>. Pese a lo cual, asegur\u00f3 que el\u00a0<strong>Ministerio<\/strong>\u00a0siempre est\u00e1 abierto al\u00a0<strong>di\u00e1logo<\/strong>.<\/p>\n\n\n\n<p class=\"wp-block-paragraph\">\u00abEl&nbsp;<strong>presupuesto<\/strong>&nbsp;no da para m\u00e1s, usted tiene una&nbsp;<strong>s\u00e1bana<\/strong>&nbsp;y se tira hasta el&nbsp;<strong>tama\u00f1o<\/strong>&nbsp;que da\u00bb, expres\u00f3.<\/p>\n\n\n\n<p class=\"wp-block-paragraph\">A su vez, se\u00f1al\u00f3 que&nbsp;<strong>Educaci\u00f3n<\/strong>&nbsp;tiene un \u00ab<strong>d\u00e9ficit<\/strong>&nbsp;de&nbsp;<strong>arrastre<\/strong>\u00bb equivalente a 21,000 millones de pesos, aunque no explic\u00f3 a qu\u00e9 se debe dicho&nbsp;<strong>d\u00e9ficit<\/strong>.<\/p>\n\n\n\n<h2 class=\"wp-block-heading\">Aumento se suma a otros<\/h2>\n\n\n\n<p class=\"wp-block-paragraph\">Hern\u00e1ndez tambi\u00e9n record\u00f3 que hace menos de dos a\u00f1os se aplic\u00f3 un&nbsp;<strong>aumento<\/strong>&nbsp;<strong>salarial<\/strong>&nbsp;de un 10 % a los docentes, por lo que esta gesti\u00f3n gubernamental ha dispensado un incremento aproximado de un 18 % al&nbsp;<strong>salario<\/strong>&nbsp;de los docentes.<\/p>\n","protected":false},"excerpt":{"rendered":"<p>Ministro dijo no hay posibilidad de que se pueda \u00abflexibilizar\u00bb lo aprobadoAnuncio ocurre en medio de conflicto. ADP eval\u00faa hoy si acepta mediaci\u00f3n El ministro de Educaci\u00f3n, \u00c1ngel Hern\u00e1ndez, ofrece detalles del aumento del 8 % realizado por Minerd al sector magisterial.\u00a0 Luego de las&nbsp;protestas&nbsp;y&nbsp;movilizaciones&nbsp;organizadas por la Asociaci\u00f3n Dominicana de Profesores (ADP), en demanda de &hellip;<\/p>\n","protected":false},"author":3,"featured_media":716,"comment_status":"open","ping_status":"closed","sticky":false,"template":"","format":"standard","meta":{"footnotes":""},"categories":[12],"tags":[],"class_list":["post-715","post","type-post","status-publish","format-standard","has-post-thumbnail","","category-nacionales"],"_links":{"self":[{"href":"https:\/\/brutalfm.net\/index.php\/wp-json\/wp\/v2\/posts\/715","targetHints":{"allow":["GET"]}}],"collection":[{"href":"https:\/\/brutalfm.net\/index.php\/wp-json\/wp\/v2\/posts"}],"about":[{"href":"https:\/\/brutalfm.net\/index.php\/wp-json\/wp\/v2\/types\/post"}],"author":[{"embeddable":true,"href":"https:\/\/brutalfm.net\/index.php\/wp-json\/wp\/v2\/users\/3"}],"replies":[{"embeddable":true,"href":"https:\/\/brutalfm.net\/index.php\/wp-json\/wp\/v2\/comments?post=715"}],"version-history":[{"count":1,"href":"https:\/\/brutalfm.net\/index.php\/wp-json\/wp\/v2\/posts\/715\/revisions"}],"predecessor-version":[{"id":717,"href":"https:\/\/brutalfm.net\/index.php\/wp-json\/wp\/v2\/posts\/715\/revisions\/717"}],"wp:featuredmedia":[{"embeddable":true,"href":"https:\/\/brutalfm.net\/index.php\/wp-json\/wp\/v2\/media\/716"}],"wp:attachment":[{"href":"https:\/\/brutalfm.net\/index.php\/wp-json\/wp\/v2\/media?parent=715"}],"wp:term":[{"taxonomy":"category","embeddable":true,"href":"https:\/\/brutalfm.net\/index.php\/wp-json\/wp\/v2\/categories?post=715"},{"taxonomy":"post_tag","embeddable":true,"href":"https:\/\/brutalfm.net\/index.php\/wp-json\/wp\/v2\/tags?post=715"}],"curies":[{"name":"wp","href":"https:\/\/api.w.org\/{rel}","templated":true}]}}