{"id":746,"date":"2024-09-04T16:50:05","date_gmt":"2024-09-04T16:50:05","guid":{"rendered":"https:\/\/brutalfm.net\/?p=746"},"modified":"2024-09-04T16:51:38","modified_gmt":"2024-09-04T16:51:38","slug":"diputados-rebuscan-formula-para-no-autogolpearse-en-la-reforma-constitucional","status":"publish","type":"post","link":"https:\/\/brutalfm.net\/index.php\/2024\/09\/04\/diputados-rebuscan-formula-para-no-autogolpearse-en-la-reforma-constitucional\/","title":{"rendered":"Diputados rebuscan f\u00f3rmula para no autogolpearse en la reforma constitucional"},"content":{"rendered":"\n<ul class=\"wp-block-list\"><li>El Poder Ejecutivo propone que se eliminen 53 curules en la reforma, ellos abogan para que sean 15<\/li><\/ul>\n\n\n\n<ul class=\"wp-block-list\"><li>Los diputados del PRM se re\u00fanen todos los d\u00edas para analizar el m\u00e9todo ideal en la reducci\u00f3n de los legisladores<\/li><\/ul>\n\n\n\n<figure class=\"wp-block-image size-full\"><img fetchpriority=\"high\" decoding=\"async\" width=\"896\" height=\"504\" src=\"https:\/\/brutalfm.net\/wp-content\/uploads\/2024\/09\/legisladores-rebuscan-formula-para-reforma-constitucional-focus-0-0-896-504.jpg\" alt=\"\" class=\"wp-image-748\" srcset=\"https:\/\/brutalfm.net\/wp-content\/uploads\/2024\/09\/legisladores-rebuscan-formula-para-reforma-constitucional-focus-0-0-896-504.jpg 896w, https:\/\/brutalfm.net\/wp-content\/uploads\/2024\/09\/legisladores-rebuscan-formula-para-reforma-constitucional-focus-0-0-896-504-300x169.jpg 300w, https:\/\/brutalfm.net\/wp-content\/uploads\/2024\/09\/legisladores-rebuscan-formula-para-reforma-constitucional-focus-0-0-896-504-768x432.jpg 768w\" sizes=\"(max-width: 896px) 100vw, 896px\" \/><\/figure>\n\n\n\n<p class=\"wp-block-paragraph\">Un grupo de los&nbsp;<strong>congresistas<\/strong>&nbsp;del&nbsp;<strong>Partido Revolucionario Moderno<\/strong>&nbsp;(PRM) est\u00e1 decidido a rechazar la&nbsp;<strong>propuesta<\/strong>&nbsp;original de la&nbsp;<strong>reforma constitucional<\/strong>&nbsp;que propone la eliminaci\u00f3n de 53&nbsp;<strong>diputados<\/strong>. Para mitigar la posible medida, el bloque oficialista se re\u00fane todos los d\u00edas para debatir otros planteamientos que no afecten sus&nbsp;<strong>curules<\/strong>.<\/p>\n\n\n\n<p class=\"wp-block-paragraph\">De acuerdo con varios&nbsp;<strong>diputados<\/strong>&nbsp;del PRM, en las&nbsp;<strong>reuniones<\/strong>, sobre todo en la \u00faltima de este martes, imper\u00f3 la sugerencia de eliminar menos&nbsp;<strong>curules<\/strong>&nbsp;que las propuestas por el presidente Luis Abinader. El encuentro avanz\u00f3 con la b\u00fasqueda de m\u00e9todos t\u00e9cnicos que determinen cu\u00e1les demarcaciones merecen menos&nbsp;<strong>diputados<\/strong>.<\/p>\n\n\n\n<p class=\"wp-block-paragraph\">Entre las&nbsp;<strong>estrategias<\/strong>&nbsp;que se barajan para&nbsp;<strong>modificar<\/strong>&nbsp;la&nbsp;<strong>propuesta<\/strong>&nbsp;original se debate la posibilidad de que los legisladores se escojan por&nbsp;<strong>distritos electorales<\/strong>. Este planteamiento es respaldado por&nbsp;<strong>diputados<\/strong>&nbsp;perreme\u00edstas como Luis G\u00f3mez Benzo y An\u00edbal D\u00edaz, adem\u00e1s de otros que han llevado la&nbsp;<strong>propuesta<\/strong>&nbsp;a las&nbsp;<strong>reuniones<\/strong>&nbsp;del bloque oficialista.<\/p>\n\n\n\n<p class=\"wp-block-paragraph\">Los distritos electorales son divisiones geogr\u00e1ficas en las que se organiza un territorio para fines de comicios.<\/p>\n\n\n\n<h2 class=\"wp-block-heading\">Quitar 15&nbsp;<strong>curules<\/strong><\/h2>\n\n\n\n<p class=\"wp-block-paragraph\">La contra<strong>propuesta<\/strong>, que se discute desde hace m\u00e1s de una semana, persigue que se eliminen solo 15&nbsp;<strong>curules<\/strong>&nbsp;y no 53, como lo propone Abinader en la&nbsp;<strong>reforma constitucional<\/strong>.<\/p>\n\n\n\n<p class=\"wp-block-paragraph\">Este \u00faltimo planteamiento es apoyado por los&nbsp;<strong>diputados<\/strong>&nbsp;<strong>oficialistas<\/strong>&nbsp;Ram\u00f3n Bueno e Ignacio Aracena, quienes alegan que la C\u00e1mara Baja \u00abfunciona bien\u00bb con sus 190 miembros. Adem\u00e1s, ellos y otros legisladores del oficialismo sostienen que un recorte en la C\u00e1mara Baja \u00abgolpear\u00eda\u00bb la&nbsp;<strong>democracia&nbsp;<\/strong>dominicana ya que, como argumentan, los&nbsp;<strong>congresistas<\/strong>&nbsp;son los representantes m\u00e1s directos en el pa\u00eds.&nbsp;<\/p>\n\n\n\n<p class=\"wp-block-paragraph\">La misma&nbsp;<strong>propuesta<\/strong>&nbsp;tambi\u00e9n busca que la disminuci\u00f3n en la matr\u00edcula de&nbsp;<strong>diputados<\/strong>&nbsp;se efect\u00fae \u00fanicamente en las provincias grandes que tienen una alta cantidad de legisladores y que se mantengan intactos los representantes de las provincias m\u00e1s lejanas.&nbsp;<\/p>\n\n\n\n<h2 class=\"wp-block-heading\">Reuniones&nbsp;<strong>constantes<\/strong><\/h2>\n\n\n\n<p class=\"wp-block-paragraph\">El presidente de la&nbsp;<strong>C\u00e1mara de Diputados<\/strong>,&nbsp;<strong>Alfredo Pacheco<\/strong>, revel\u00f3 este martes que el \u00f3rgano que dirige se ha reunido con expertos y t\u00e9cnicos para buscar el mejor m\u00e9todo en la reducci\u00f3n de los legisladores y que, en conclusi\u00f3n, la disminuci\u00f3n de los legisladores no afecte al Congreso y beneficie a la sociedad.<\/p>\n\n\n\n<p class=\"wp-block-paragraph\">Mientras que el vocero del PRM en la&nbsp;<strong>C\u00e1mara de Diputados<\/strong>, Amado D\u00edaz, precis\u00f3 que el bloque que dirige est\u00e1 decidido a&nbsp;<strong>modificar<\/strong>&nbsp;la&nbsp;<strong>propuesta<\/strong>&nbsp;original de Abinader y agreg\u00f3 que sus \u00faltimas&nbsp;<strong>reuniones<\/strong>&nbsp;se han enfocado en la b\u00fasqueda \u00abdel m\u00e9todo ideal\u00bb.<\/p>\n\n\n\n<p class=\"wp-block-paragraph\">Tras lograr el consenso, el portavoz de los&nbsp;<strong>oficialistas<\/strong>&nbsp;dijo que expondr\u00e1n p\u00fablicamente su&nbsp;<strong>propuesta<\/strong>&nbsp;para presentarla a las autoridades del partido gobernante.<\/p>\n\n\n\n<p class=\"wp-block-paragraph\">El proyecto de&nbsp;<strong>reforma constitucional<\/strong>&nbsp;que discute el Congreso est\u00e1 bajo an\u00e1lisis en una&nbsp;<strong>comisi\u00f3n bicameral<\/strong>&nbsp;que deber\u00e1 ver otros aspectos como la unificaci\u00f3n de las elecciones, la escogencia del procurador y la prohibici\u00f3n para mandatos presidenciales m\u00e1s all\u00e1 de dos periodos.&nbsp;<\/p>\n","protected":false},"excerpt":{"rendered":"<p>El Poder Ejecutivo propone que se eliminen 53 curules en la reforma, ellos abogan para que sean 15 Los diputados del PRM se re\u00fanen todos los d\u00edas para analizar el m\u00e9todo ideal en la reducci\u00f3n de los legisladores Un grupo de los&nbsp;congresistas&nbsp;del&nbsp;Partido Revolucionario Moderno&nbsp;(PRM) est\u00e1 decidido a rechazar la&nbsp;propuesta&nbsp;original de la&nbsp;reforma constitucional&nbsp;que propone la eliminaci\u00f3n &hellip;<\/p>\n","protected":false},"author":3,"featured_media":0,"comment_status":"open","ping_status":"closed","sticky":false,"template":"","format":"standard","meta":{"footnotes":""},"categories":[1],"tags":[],"class_list":["post-746","post","type-post","status-publish","format-standard","","category-uncategorized"],"_links":{"self":[{"href":"https:\/\/brutalfm.net\/index.php\/wp-json\/wp\/v2\/posts\/746","targetHints":{"allow":["GET"]}}],"collection":[{"href":"https:\/\/brutalfm.net\/index.php\/wp-json\/wp\/v2\/posts"}],"about":[{"href":"https:\/\/brutalfm.net\/index.php\/wp-json\/wp\/v2\/types\/post"}],"author":[{"embeddable":true,"href":"https:\/\/brutalfm.net\/index.php\/wp-json\/wp\/v2\/users\/3"}],"replies":[{"embeddable":true,"href":"https:\/\/brutalfm.net\/index.php\/wp-json\/wp\/v2\/comments?post=746"}],"version-history":[{"count":2,"href":"https:\/\/brutalfm.net\/index.php\/wp-json\/wp\/v2\/posts\/746\/revisions"}],"predecessor-version":[{"id":751,"href":"https:\/\/brutalfm.net\/index.php\/wp-json\/wp\/v2\/posts\/746\/revisions\/751"}],"wp:attachment":[{"href":"https:\/\/brutalfm.net\/index.php\/wp-json\/wp\/v2\/media?parent=746"}],"wp:term":[{"taxonomy":"category","embeddable":true,"href":"https:\/\/brutalfm.net\/index.php\/wp-json\/wp\/v2\/categories?post=746"},{"taxonomy":"post_tag","embeddable":true,"href":"https:\/\/brutalfm.net\/index.php\/wp-json\/wp\/v2\/tags?post=746"}],"curies":[{"name":"wp","href":"https:\/\/api.w.org\/{rel}","templated":true}]}}