{"id":805,"date":"2025-05-13T21:19:12","date_gmt":"2025-05-13T21:19:12","guid":{"rendered":"https:\/\/brutalfm.net\/?p=805"},"modified":"2025-05-13T21:19:14","modified_gmt":"2025-05-13T21:19:14","slug":"uasd-inaugura-el-v-congreso-iberoamericano-de-filosofia-de-la-ciencia-y-la-tecnologia","status":"publish","type":"post","link":"https:\/\/brutalfm.net\/index.php\/2025\/05\/13\/uasd-inaugura-el-v-congreso-iberoamericano-de-filosofia-de-la-ciencia-y-la-tecnologia\/","title":{"rendered":"UASD inaugura el V Congreso Iberoamericano de Filosof\u00eda de la Ciencia y la Tecnolog\u00eda"},"content":{"rendered":"\n<figure class=\"wp-block-image size-full\"><img fetchpriority=\"high\" decoding=\"async\" width=\"1000\" height=\"500\" src=\"https:\/\/brutalfm.net\/wp-content\/uploads\/2025\/05\/image-4.png\" alt=\"\" class=\"wp-image-806\" srcset=\"https:\/\/brutalfm.net\/wp-content\/uploads\/2025\/05\/image-4.png 1000w, https:\/\/brutalfm.net\/wp-content\/uploads\/2025\/05\/image-4-300x150.png 300w, https:\/\/brutalfm.net\/wp-content\/uploads\/2025\/05\/image-4-768x384.png 768w, https:\/\/brutalfm.net\/wp-content\/uploads\/2025\/05\/image-4-660x330.png 660w\" sizes=\"(max-width: 1000px) 100vw, 1000px\" \/><\/figure>\n\n\n\n<p class=\"wp-block-paragraph\"><strong>Santo Domingo.-&nbsp;<\/strong>Con la&nbsp;<strong>inteligencia artificial<\/strong>&nbsp;como tema central, se dio apertura oficial en la&nbsp;<strong>Universidad Aut\u00f3noma de Santo Domingo (UASD)<\/strong>&nbsp;al&nbsp;<strong>\u00abV Congreso Iberoamericano de Filosof\u00eda de la Ciencia y la Tecnolog\u00eda\u00bb<\/strong>, evento que re\u00fane hasta el pr\u00f3ximo 16 de mayo a acad\u00e9micos e investigadores de distintas \u00e1reas del conocimiento.<\/p>\n\n\n\n<p class=\"wp-block-paragraph\">El acto inaugural fue encabezado por la<strong>&nbsp;vicepresidenta de la Rep\u00fablica<\/strong>,&nbsp;<strong>Raquel Pe\u00f1a<\/strong>, junto a los vicerrectores de la UASD Radham\u00e9s Silverio, de Investigaci\u00f3n y Postgrado; Rosal\u00eda Sosa, de Extensi\u00f3n; Wilson Mej\u00eda, Docente; y Ram\u00f3n Desangles, Administrativo.<\/p>\n\n\n\n<p class=\"wp-block-paragraph\">Tambi\u00e9n asistieron el<strong>&nbsp;ministro de Educaci\u00f3n Superior, Ciencia y Tecnolog\u00eda<\/strong>, doctor&nbsp;<strong>Franklin Garc\u00eda Ferm\u00edn<\/strong>; Jorge Linares, vicepresidente de la&nbsp;<strong>Red Iberoamericana de Filosof\u00eda<\/strong>; y el maestro Andr\u00e9s Merejo, copresidente del Comit\u00e9 Organizador del congreso, entre otras autoridades.<\/p>\n\n\n\n<figure class=\"wp-block-image\"><img decoding=\"async\" src=\"https:\/\/cdn.deultimominuto.net\/wp-content\/uploads\/2025\/05\/WhatsApp-Image-2025-05-13-at-9.13.05-AM-2-1024x683.jpeg\" alt=\"UASD inaugura el V Congreso Iberoamericano de Filosof\u00eda de la Ciencia y la Tecnolog\u00eda | De \u00daltimo Minuto\" class=\"wp-image-475324\" title=\"UASD inaugura el V Congreso Iberoamericano de Filosof\u00eda de la Ciencia y la Tecnolog\u00eda | 2 |\"\/><\/figure>\n\n\n\n<p class=\"wp-block-paragraph\">El vicerrector Silverio, al pronunciar las palabras centrales del acto inaugural en representaci\u00f3n del<strong>&nbsp;rector Editrudis Beltr\u00e1n Cris\u00f3stomo<\/strong>, destac\u00f3 que la iniciativa forma parte de una serie de encuentros en el \u00e1mbito filos\u00f3fico, cient\u00edfico y tecnol\u00f3gico, destinados a fomentar la producci\u00f3n filos\u00f3fica tecnocient\u00edfica y a crear un espacio propicio para el an\u00e1lisis de discursos y m\u00e9todos de investigaci\u00f3n en los diversos campos del saber.<\/p>\n\n\n\n<p class=\"wp-block-paragraph\">\u201cQue este congreso sea, pues, un laboratorio de ideas, de di\u00e1logo, de cuestionamientos, de construcci\u00f3n de conocimiento y de ideas verdaderamente colectivas\u201d, agreg\u00f3 Silverio.<\/p>\n\n\n\n<p class=\"wp-block-paragraph\">De su lado, la vicepresidenta Pe\u00f1a subray\u00f3 que<strong>&nbsp;la inteligencia artificial demanda mayor atenci\u00f3n como fen\u00f3meno tecnol\u00f3gico&nbsp;<\/strong>y social de alto impacto en el nuevo esquema cient\u00edfico-acad\u00e9mico que encabezar\u00e1 las transformaciones sociales en los pr\u00f3ximos a\u00f1os.<\/p>\n\n\n\n<p class=\"wp-block-paragraph\">La alta funcionaria defini\u00f3 la inteligencia artificial como un bien p\u00fablico que debe estar al alcance de todos, como parte de una pol\u00edtica inclusiva destinada a regir toda sociedad interesada en avanzar, afrontando con altura los retos que trae consigo un mundo cada vez m\u00e1s tecnol\u00f3gico e interconectado.<\/p>\n\n\n\n<p class=\"wp-block-paragraph\"><strong>Te puede interesar:<\/strong><\/p>\n\n\n\n<p class=\"wp-block-paragraph\">El c\u00f3nclave inici\u00f3 con la conferencia titulada&nbsp;<strong>\u201cEl nuevo contrato social entre los humanos y las m\u00e1quinas inteligentes\u201d,<\/strong>&nbsp;dictada por el doctor Daniel Innerarity, fil\u00f3sofo y ensayista espa\u00f1ol, titular de la C\u00e1tedra de Inteligencia Artificial y Democracia en el Instituto Universitario Europeo de Florencia.<\/p>\n\n\n\n<p class=\"wp-block-paragraph\">La agenda tem\u00e1tica del evento internacional incluye temas de inter\u00e9s acad\u00e9mico como \u201cEl gran debate sobre la racionalidad\u201d, \u201cExplicaciones narrativas y modelos experimentales en la geolog\u00eda\u201d, as\u00ed como \u201cEstrategias de adopci\u00f3n de la ciencia abierta en la Rep\u00fablica Dominicana: beneficios y desaf\u00edos\u201d.<\/p>\n\n\n\n<p class=\"wp-block-paragraph\">Tambi\u00e9n ser\u00e1n tratados temas relativos a la<strong>&nbsp;\u201cCultura cient\u00edfica y comunicaci\u00f3n de la ciencia\u201d,<\/strong>&nbsp;\u201cLos artefactos epist\u00e9micos y sus implicaciones en la filosof\u00eda de la ciencia\u201d, \u201cImplicaciones de la inteligencia artificial en la autonom\u00eda humana\u201d e \u201cIncidencias de la inteligencia artificial en los programas de negocios: Mercadotecnia y Negocios Internacionales\u201d, entre otros t\u00f3picos de inter\u00e9s.<\/p>\n\n\n\n<h2 class=\"wp-block-heading\"><strong>Reconocimientos<\/strong><\/h2>\n\n\n\n<p class=\"wp-block-paragraph\">Durante el desarrollo del Congreso ser\u00e1n reconocidas figuras destacadas como Carl Mitcham, fil\u00f3sofo de la ingenier\u00eda y la tecnolog\u00eda; Carlos Ulises Moulines, fil\u00f3sofo de la ciencia con enfoque en l\u00f3gica y epistemolog\u00eda; la destacada fil\u00f3sofa Eulalia P\u00e9rez Cede\u00f1o, primera catedr\u00e1tica de L\u00f3gica y Filosof\u00eda de las Ciencias en Espa\u00f1a; y Ana Rosa P\u00e9rez, doctora en Filosof\u00eda de la Universidad Nacional Aut\u00f3noma de M\u00e9xico.<\/p>\n\n\n\n<p class=\"wp-block-paragraph\">El congreso cuenta con el respaldo del<strong>&nbsp;<a href=\"https:\/\/mescyt.gob.do\/\" target=\"_blank\" rel=\"noreferrer noopener\">Ministerio de Educaci\u00f3n Superior, Ciencia y Tecnolog\u00eda (Mescyt)<\/a><\/strong>, la Secretar\u00eda General Iberoamericana (Segib), la Academia de Ciencias de la Rep\u00fablica Dominicana, la Universidad Central del Este (UCE), la Asociaci\u00f3n Dominicana de Filosof\u00eda (Adofil), la Sociedad Dominicana de Inteligencia Artificial (Sodia), entre otras instituciones.<\/p>\n\n\n\n<p class=\"wp-block-paragraph\">Este encuentro fue inaugurado en el auditorio Manuel del Cabral de la Biblioteca Pedro Mir, en la UASD, se desarrollar\u00e1 en el edificio de Alta Tecnolog\u00eda de la sede central universitaria.<\/p>\n","protected":false},"excerpt":{"rendered":"<p>Santo Domingo.-&nbsp;Con la&nbsp;inteligencia artificial&nbsp;como tema central, se dio apertura oficial en la&nbsp;Universidad Aut\u00f3noma de Santo Domingo (UASD)&nbsp;al&nbsp;\u00abV Congreso Iberoamericano de Filosof\u00eda de la Ciencia y la Tecnolog\u00eda\u00bb, evento que re\u00fane hasta el pr\u00f3ximo 16 de mayo a acad\u00e9micos e investigadores de distintas \u00e1reas del conocimiento. El acto inaugural fue encabezado por la&nbsp;vicepresidenta de la Rep\u00fablica,&nbsp;Raquel &hellip;<\/p>\n","protected":false},"author":3,"featured_media":0,"comment_status":"open","ping_status":"closed","sticky":false,"template":"","format":"standard","meta":{"footnotes":""},"categories":[1],"tags":[],"class_list":["post-805","post","type-post","status-publish","format-standard","","category-uncategorized"],"_links":{"self":[{"href":"https:\/\/brutalfm.net\/index.php\/wp-json\/wp\/v2\/posts\/805","targetHints":{"allow":["GET"]}}],"collection":[{"href":"https:\/\/brutalfm.net\/index.php\/wp-json\/wp\/v2\/posts"}],"about":[{"href":"https:\/\/brutalfm.net\/index.php\/wp-json\/wp\/v2\/types\/post"}],"author":[{"embeddable":true,"href":"https:\/\/brutalfm.net\/index.php\/wp-json\/wp\/v2\/users\/3"}],"replies":[{"embeddable":true,"href":"https:\/\/brutalfm.net\/index.php\/wp-json\/wp\/v2\/comments?post=805"}],"version-history":[{"count":1,"href":"https:\/\/brutalfm.net\/index.php\/wp-json\/wp\/v2\/posts\/805\/revisions"}],"predecessor-version":[{"id":807,"href":"https:\/\/brutalfm.net\/index.php\/wp-json\/wp\/v2\/posts\/805\/revisions\/807"}],"wp:attachment":[{"href":"https:\/\/brutalfm.net\/index.php\/wp-json\/wp\/v2\/media?parent=805"}],"wp:term":[{"taxonomy":"category","embeddable":true,"href":"https:\/\/brutalfm.net\/index.php\/wp-json\/wp\/v2\/categories?post=805"},{"taxonomy":"post_tag","embeddable":true,"href":"https:\/\/brutalfm.net\/index.php\/wp-json\/wp\/v2\/tags?post=805"}],"curies":[{"name":"wp","href":"https:\/\/api.w.org\/{rel}","templated":true}]}}